{"id":161,"date":"2018-08-19T22:07:30","date_gmt":"2018-08-19T20:07:30","guid":{"rendered":"https:\/\/nfg-sendenhorst.de\/?p=161"},"modified":"2018-08-19T22:07:30","modified_gmt":"2018-08-19T20:07:30","slug":"apfelfest-am-29-september-2018","status":"publish","type":"post","link":"https:\/\/nfg-sendenhorst.de\/?p=161","title":{"rendered":"Apfelfest am 29. September 2018"},"content":{"rendered":"<p>\u00b4<img loading=\"lazy\" decoding=\"async\" class=\"alignnone wp-image-164 size-large\" src=\"https:\/\/nfg-sendenhorst.de\/wp-content\/uploads\/2018\/08\/Apfelallee-941x1024.jpg\" alt=\"\" width=\"525\" height=\"571\" srcset=\"https:\/\/nfg-sendenhorst.de\/wp-content\/uploads\/2018\/08\/Apfelallee-941x1024.jpg 941w, https:\/\/nfg-sendenhorst.de\/wp-content\/uploads\/2018\/08\/Apfelallee-276x300.jpg 276w, https:\/\/nfg-sendenhorst.de\/wp-content\/uploads\/2018\/08\/Apfelallee-768x836.jpg 768w, https:\/\/nfg-sendenhorst.de\/wp-content\/uploads\/2018\/08\/Apfelallee.jpg 992w\" sizes=\"auto, (max-width: 525px) 100vw, 525px\" \/><\/p>\n<p>Die Apfelbaum-Allee am Hof Schmetkamps wird 25. Aus diesem Anlass wird es ein buntes Programm f\u00fcr Jung und Alt rund um das Thema Apfel geben. Wenn man einmal Apfelsaft von Hand pressen oder mehr \u00fcber die Apfelsorten der Allee erfahren m\u00f6chte, dem Imker \u00fcber die Schulter schauen oder den Apfeldruck ausprobieren m\u00f6chte, so findet man hier die Gelegenheit dazu. Nat\u00fcrlich geh\u00f6rt auch ein St\u00fcck Apfelkuchen dazu. Desweiteren k\u00f6nnen Sie sich z. B. informieren, wie Nistk\u00e4sten gebaut werden. Ein lohnender Nachmittag f\u00fcr die ganze Familie, bei dem f\u00fcr jeden etwas dabei sein d\u00fcrfte. Wir freuen uns auf Ihren Besuch.<\/p>\n<p>Der Vorstand ist intensiv mit den Vorbereitungen besch\u00e4ftigt. <em>Bitte merken Sie sich den 29. September 2018 vor.<\/em><\/p>\n","protected":false},"excerpt":{"rendered":"<p>\u00b4 Die Apfelbaum-Allee am Hof Schmetkamps wird 25. Aus diesem Anlass wird es ein buntes Programm f\u00fcr Jung und Alt rund um das Thema Apfel geben. Wenn man einmal Apfelsaft von Hand pressen oder mehr \u00fcber die Apfelsorten der Allee erfahren m\u00f6chte, dem Imker \u00fcber die Schulter schauen oder den Apfeldruck ausprobieren m\u00f6chte, so findet &hellip; <\/p>\n<p class=\"link-more\"><a href=\"https:\/\/nfg-sendenhorst.de\/?p=161\" class=\"more-link\"><span class=\"screen-reader-text\">\u201eApfelfest am 29. September 2018\u201c <\/span>weiterlesen<\/a><\/p>\n","protected":false},"author":1,"featured_media":0,"comment_status":"closed","ping_status":"closed","sticky":false,"template":"","format":"standard","meta":{"footnotes":""},"categories":[7],"tags":[],"class_list":["post-161","post","type-post","status-publish","format-standard","hentry","category-aus-der-presse"],"_links":{"self":[{"href":"https:\/\/nfg-sendenhorst.de\/index.php?rest_route=\/wp\/v2\/posts\/161","targetHints":{"allow":["GET"]}}],"collection":[{"href":"https:\/\/nfg-sendenhorst.de\/index.php?rest_route=\/wp\/v2\/posts"}],"about":[{"href":"https:\/\/nfg-sendenhorst.de\/index.php?rest_route=\/wp\/v2\/types\/post"}],"author":[{"embeddable":true,"href":"https:\/\/nfg-sendenhorst.de\/index.php?rest_route=\/wp\/v2\/users\/1"}],"replies":[{"embeddable":true,"href":"https:\/\/nfg-sendenhorst.de\/index.php?rest_route=%2Fwp%2Fv2%2Fcomments&post=161"}],"version-history":[{"count":0,"href":"https:\/\/nfg-sendenhorst.de\/index.php?rest_route=\/wp\/v2\/posts\/161\/revisions"}],"wp:attachment":[{"href":"https:\/\/nfg-sendenhorst.de\/index.php?rest_route=%2Fwp%2Fv2%2Fmedia&parent=161"}],"wp:term":[{"taxonomy":"category","embeddable":true,"href":"https:\/\/nfg-sendenhorst.de\/index.php?rest_route=%2Fwp%2Fv2%2Fcategories&post=161"},{"taxonomy":"post_tag","embeddable":true,"href":"https:\/\/nfg-sendenhorst.de\/index.php?rest_route=%2Fwp%2Fv2%2Ftags&post=161"}],"curies":[{"name":"wp","href":"https:\/\/api.w.org\/{rel}","templated":true}]}}