{"id":736,"date":"2020-08-18T17:09:00","date_gmt":"2020-08-18T15:09:00","guid":{"rendered":"https:\/\/nfg-sendenhorst.de\/?p=736"},"modified":"2020-08-26T22:15:30","modified_gmt":"2020-08-26T20:15:30","slug":"foerderantraege-bewilligt","status":"publish","type":"post","link":"https:\/\/nfg-sendenhorst.de\/?p=736","title":{"rendered":"F\u00f6rderantrag bewilligt"},"content":{"rendered":"\n<p>Eine erfreuliche Nachricht erreichte die NFG zur letzten Vorstandssitzung: Der im Mai 2020 gestellte F\u00f6rderantrag f\u00fcr das Projekt &#8222;Nicht Eilen, sondern Verweilen &#8211; Naturbeobachtungen auf Hof Schmetkamp&#8220; ist nun bewilligt worden. Die Mittel stammen aus der Regionalbudget-F\u00f6rderung bei der LAG \u201e8Plus VITAL.NRW im Kreis Warendorf e.V.&#8220;. Sendenhorst geh\u00f6rt mit sieben weiteren Gemeinden des Kreises zu dieser LAG.<\/p>\n\n\n\n<!--more-->\n\n\n\n<p>Gef\u00f6rdert werden damit zwei Liegen und zwei \u00dcbersichtstafeln. In dem Antrag hei\u00dft es dazu: <\/p>\n\n\n\n<p class=\"has-normal-font-size\">Das Gel\u00e4nde ist ein beliebtes Naherholungsgebiet und bietet neben den unterschiedlichen Biotopen einen Lehrpfad mit vielen Informationstafeln mit Wissenswertern zu Vereinen aus Sendenhorst, zu Projekten der Schulen sowie zu den verschiedenen Umweltthernen. Au\u00dferdem \ufb01ndet man auf dem Gel\u00e4nde einen Bauerngarten, ein Bienenhaus, ein \u201egr\u00fcnes Klassenzimmer\u201c und einen Baumlehrpfad..<\/p>\n\n\n\n<p>Um einen besseren \u00dcberblick \u00fcber dieses vielf\u00e4ltige Angebot F\u00fcr die Nutzer des Gel\u00e4ndes (Sendenhorster, Fahrradtouristen und andere G\u00e4ste, z.B. aus der Rehaklinik) zu bieten, hat der Vorstand mit der Unterst\u00fctzung einiger Mitglieder einen \u00dcbersichtsplan entwickelt, der auch die unterschiedlichen Biotope in das Blickfeld r\u00fcckt und erl\u00e4utert.<\/p>\n\n\n\n<p>Dieser \u00dcbersichtsplan soll, auf eine Metallplatte gezogen und getragen von einem Holzger\u00fcst, jeweils an den beiden Hauptzug\u00e4ngen aufgestellt werden.<\/p>\n\n\n\n<p>Die NFG plant dar\u00fcber hinaus, auf dem Hof Schmetkarnp zwei Relaxliegen mit einer Breite von 130 cm n\u00f6rdlich vom Gr\u00fcnen Klassenzimmer aufzustellen. Die Liegen bieten sowohl Familien als auch zwei Einzelpersonen Sitz-und Liegem\u00f6glichkeiten. <\/p>\n\n\n\n<figure class=\"wp-block-image size-large\"><img loading=\"lazy\" decoding=\"async\" width=\"700\" height=\"338\" src=\"https:\/\/nfg-sendenhorst.de\/wp-content\/uploads\/2020\/08\/liegen.jpg\" alt=\"\" class=\"wp-image-737\" srcset=\"https:\/\/nfg-sendenhorst.de\/wp-content\/uploads\/2020\/08\/liegen.jpg 700w, https:\/\/nfg-sendenhorst.de\/wp-content\/uploads\/2020\/08\/liegen-300x145.jpg 300w\" sizes=\"auto, (max-width: 700px) 100vw, 700px\" \/><\/figure>\n\n\n\n<p>Die NFG legt bei der Umsetzung des Projekts besonderen Wert auf Regionalit\u00e4t und Nachhaltigkeit. Die Liegen werden in Westfalen gebaut. Sie bestehen aus einem wetterbest\u00e4ndigen, stabilen Metallgestell und naturbelassenen Hartholzlatten aus FSC-zertifiziertern Anbau. Sie werden also nachhaltig f\u00fcr eine lange Lebenszeit hergestellt. Sie sind drehbar, so dass die Umgebung aus unterschiedlichen Blickwinkeln betrachtet werden kann.<\/p>\n\n\n\n<p>Montiert werden diese Liegen auf einer einbetonierten Bodenh\u00fclse. Der Einbau soll mit Mitgliedern der NFG erfolgen, die neben den Vorstandsrnitgliedern immer wieder mit Sachkenntnis f\u00fcr Arbeitseins\u00e4tze zur Verf\u00fcgung stehen. Das Material f\u00fcr den Beton wird bei einem \u00f6rtlich ans\u00e4ssigen Unternehmen gekauft. Die Metall- und Holzarbeiten F\u00fcr die \u00dcbersichtskarte sollen an \u00f6rtliche Unternehmen vergeben werden.<\/p>\n\n\n<blockquote>\n<p>Die Besucher des Gel\u00e4ndes sollen sich aktiv mit der Natur auseinandersetzen. Mit Hilfe des \u00dcbersichtsplans k\u00f6nnen sie z.B. bestimmte Biotope gezielt aufsuchen und das in der entsprechenden Beschreibung Gelernte direkt \u00fcberpr\u00fcfen und erleben. Mit der Installation von zwei Relaxliegen soll das Naturerleben f\u00fcr B\u00fcrger und G\u00e4ste in Sendenhorst gef\u00f6rdert werden. Der Erfolg des Projektes l\u00e4sst sich daran messen, wie positiv das Angebot von den Besuchern auf Hol Schmetkamp angenommen und zum Verweilen und Naturbeobachten genutzt wird.<\/p>\n<\/blockquote>\n\n\n<p>Der F\u00f6rderung f\u00fcr Liegen und \u00dcbersichtstafeln betr\u00e4gt rd. 6.800 Euro. Mittlerweile sind die entsprechenden Auftr\u00e4ge erteilt. Mit der Lieferung der Liegen wird im Oktober gerechnet. <\/p>\n\n\n\n<p>Mehr zu den Prolekten des Programms \u201e8Plus- VITAL.NRW im Kreis Warendorf\u201c <a rel=\"noreferrer noopener\" href=\"http:\/\/www.8plus-vital.nrw\/projekte\/\" target=\"_blank\">hier<\/a>.<\/p>\n","protected":false},"excerpt":{"rendered":"<p>Eine erfreuliche Nachricht erreichte die NFG zur letzten Vorstandssitzung: Der im Mai 2020 gestellte F\u00f6rderantrag f\u00fcr das Projekt &#8222;Nicht Eilen, sondern Verweilen &#8211; Naturbeobachtungen auf Hof Schmetkamp&#8220; ist nun bewilligt worden. Die Mittel stammen aus der Regionalbudget-F\u00f6rderung bei der LAG \u201e8Plus VITAL.NRW im Kreis Warendorf e.V.&#8220;. Sendenhorst geh\u00f6rt mit sieben weiteren Gemeinden des Kreises zu &hellip; <\/p>\n<p class=\"link-more\"><a href=\"https:\/\/nfg-sendenhorst.de\/?p=736\" class=\"more-link\"><span class=\"screen-reader-text\">\u201eF\u00f6rderantrag bewilligt\u201c <\/span>weiterlesen<\/a><\/p>\n","protected":false},"author":1,"featured_media":0,"comment_status":"closed","ping_status":"closed","sticky":false,"template":"","format":"standard","meta":{"footnotes":""},"categories":[],"tags":[],"class_list":["post-736","post","type-post","status-publish","format-standard","hentry"],"_links":{"self":[{"href":"https:\/\/nfg-sendenhorst.de\/index.php?rest_route=\/wp\/v2\/posts\/736","targetHints":{"allow":["GET"]}}],"collection":[{"href":"https:\/\/nfg-sendenhorst.de\/index.php?rest_route=\/wp\/v2\/posts"}],"about":[{"href":"https:\/\/nfg-sendenhorst.de\/index.php?rest_route=\/wp\/v2\/types\/post"}],"author":[{"embeddable":true,"href":"https:\/\/nfg-sendenhorst.de\/index.php?rest_route=\/wp\/v2\/users\/1"}],"replies":[{"embeddable":true,"href":"https:\/\/nfg-sendenhorst.de\/index.php?rest_route=%2Fwp%2Fv2%2Fcomments&post=736"}],"version-history":[{"count":0,"href":"https:\/\/nfg-sendenhorst.de\/index.php?rest_route=\/wp\/v2\/posts\/736\/revisions"}],"wp:attachment":[{"href":"https:\/\/nfg-sendenhorst.de\/index.php?rest_route=%2Fwp%2Fv2%2Fmedia&parent=736"}],"wp:term":[{"taxonomy":"category","embeddable":true,"href":"https:\/\/nfg-sendenhorst.de\/index.php?rest_route=%2Fwp%2Fv2%2Fcategories&post=736"},{"taxonomy":"post_tag","embeddable":true,"href":"https:\/\/nfg-sendenhorst.de\/index.php?rest_route=%2Fwp%2Fv2%2Ftags&post=736"}],"curies":[{"name":"wp","href":"https:\/\/api.w.org\/{rel}","templated":true}]}}